{"id":311,"date":"2023-10-05T14:02:02","date_gmt":"2023-10-05T14:02:02","guid":{"rendered":"https:\/\/la-pommeraie.be\/?p=311"},"modified":"2023-10-05T14:02:02","modified_gmt":"2023-10-05T14:02:02","slug":"cap-48","status":"publish","type":"post","link":"https:\/\/la-pommeraie.be\/index.php\/2023\/10\/05\/cap-48\/","title":{"rendered":"Cap 48"},"content":{"rendered":"\n<p><\/p>\n\n\n\n<p>Depuis plus de 60 ans, <strong>CAP 48 <\/strong>rassemble g\u00e9n\u00e9rosit\u00e9 et soutien au profit du handicap et de l\u2019insertion des personnes en difficult\u00e9 en Wallonie et \u00e0 Bruxelles.<br>Tout a commenc\u00e9 par un appel aux auditeurs sur les ondes de la RTBF.<\/p>\n\n\n\n<p><strong>La Pommeraie<\/strong> participe \u00e0 cette action depuis de nombreuses ann\u00e9es.<br>Nous participons \u00e0 la vente annuelle des post-it dans une optique de solidarit\u00e9.<\/p>\n\n\n<div class=\"wp-block-image is-style-rounded\">\n<figure class=\"alignleft size-large is-resized\"><img loading=\"lazy\" decoding=\"async\" src=\"https:\/\/la-pommeraie.be\/wp-content\/uploads\/2023\/10\/1000008402-768x1024.jpg\" alt=\"\" class=\"wp-image-312\" width=\"266\" height=\"353\" \/><\/figure>\n<\/div>\n\n\n<p>Depuis 2 ans, <strong>La Pommeraie<\/strong> s\u2019est associ\u00e9e \u00e0 l\u2019\u00e9quipe de b\u00e9n\u00e9voles de la r\u00e9gion Hutoise afin de proposer une aide logistique (stockage, pr\u00e9paration, permanence, d\u00e9p\u00f4t,\u2026)<\/p>\n\n\n\n<p>Toute l\u2019ann\u00e9e <strong>CAP 48<\/strong> finance des associations qui viennent en aide aux personnes en situation de handicap ainsi qu\u2019aux jeunes en difficult\u00e9 d\u2019insertion.<\/p>\n\n\n\n<p><strong>La Pommeraie<\/strong> a b\u00e9n\u00e9fici\u00e9 de plusieurs aides concr\u00e8tes de la part de <strong>CAP 48<\/strong> depuis de nombreuses ann\u00e9es&nbsp;pour par exemple&nbsp;: la r\u00e9novation des cuisines de l\u2019h\u00e9bergement, la r\u00e9novation de la zone d\u2019entr\u00e9e, la r\u00e9novation des \u00e9clairages, l\u2019achat d\u2019un v\u00e9hicule, \u2026<\/p>\n\n\n<div class=\"wp-block-image is-style-default\">\n<figure class=\"alignright size-large is-resized\"><img loading=\"lazy\" decoding=\"async\" src=\"https:\/\/la-pommeraie.be\/wp-content\/uploads\/2023\/10\/1000008406-1-1024x916.jpg\" alt=\"\" class=\"wp-image-314\" width=\"265\" height=\"236\" srcset=\"https:\/\/la-pommeraie.be\/wp-content\/uploads\/2023\/10\/1000008406-1-1024x916.jpg 1024w, https:\/\/la-pommeraie.be\/wp-content\/uploads\/2023\/10\/1000008406-1-300x268.jpg 300w, https:\/\/la-pommeraie.be\/wp-content\/uploads\/2023\/10\/1000008406-1-768x687.jpg 768w, https:\/\/la-pommeraie.be\/wp-content\/uploads\/2023\/10\/1000008406-1.jpg 1500w\" sizes=\"auto, (max-width: 265px) 100vw, 265px\" \/><\/figure>\n<\/div>\n\n\n<p>Les foyers de <strong>La Pommeraie<\/strong> proposent \u00e0 la vente des post-it pour les familles et partenaires.<br>Nous allons \u00e9galement avec l\u2019aide des r\u00e9sidents, faire du porte \u00e0 porte dans le quartier et en  vendre \u00e0 la sortie de certains magasins.<br><br>Cette ann\u00e9e, la vente des post-it se fera du<strong> 6 au 15 octobre<\/strong>.<br><br>Vous pourrez nous retrouver <strong>le vendredi 6 octobre apr\u00e8s-midi <\/strong>au <strong>Delhaize de Tihange<\/strong>.<br>Une \u00e9quipe passera <strong>dans votre quartier<\/strong> entre ces dates, nous esp\u00e9rons que vous serez nombreux au rendez-vous\u00a0!<\/p>\n\n\n\n<p><\/p>\n\n\n<div class=\"wp-block-image is-style-default\">\n<figure class=\"alignleft size-large is-resized\"><img loading=\"lazy\" decoding=\"async\" src=\"https:\/\/la-pommeraie.be\/wp-content\/uploads\/2023\/10\/1000008411-1-578x1024.jpg\" alt=\"\" class=\"wp-image-316\" width=\"222\" height=\"393\" srcset=\"https:\/\/la-pommeraie.be\/wp-content\/uploads\/2023\/10\/1000008411-1-578x1024.jpg 578w, https:\/\/la-pommeraie.be\/wp-content\/uploads\/2023\/10\/1000008411-1-169x300.jpg 169w, https:\/\/la-pommeraie.be\/wp-content\/uploads\/2023\/10\/1000008411-1-768x1361.jpg 768w, https:\/\/la-pommeraie.be\/wp-content\/uploads\/2023\/10\/1000008411-1-867x1536.jpg 867w, https:\/\/la-pommeraie.be\/wp-content\/uploads\/2023\/10\/1000008411-1.jpg 1029w\" sizes=\"auto, (max-width: 222px) 100vw, 222px\" \/><\/figure>\n<\/div>\n\n\n<p><\/p>\n\n\n\n<p><strong>T\u00e9moignages<\/strong>\u00a0:<br><strong>S\u00e9bastien<\/strong>\u00a0: \u00ab<em>\u00a0A <strong>La Pommeraie<\/strong> nous sommes tous en situation de handicap et nous sommes heureux de pouvoir b\u00e9n\u00e9ficier de ce coup de pouce. Cette op\u00e9ration est importante et il faut y participer et acheter des post-it pour apporter du soutien aux personnes en ayant besoin.<br>Vendre ces post-it, c\u2019est ma mani\u00e8re d\u2019apporter ma contribution. Bonne chance aux b\u00e9n\u00e9voles, merci aux personnes qui ach\u00e8teront des post-it et on croise les doigts pour une belle r\u00e9ussite de ce <br><strong>CAP 48<\/strong> 2023.\u00a0<\/em>\u00bb<\/p>\n\n\n\n<p><strong>Colin<\/strong>&nbsp;: \u00ab <em>Je suis content de pouvoir avoir du nouveau mat\u00e9riel pour que l\u2019on soit bien&nbsp;!<\/em>&nbsp;\u00bb<\/p>\n\n\n<div class=\"wp-block-image is-style-rounded\">\n<figure class=\"aligncenter size-large is-resized\"><img loading=\"lazy\" decoding=\"async\" src=\"https:\/\/la-pommeraie.be\/wp-content\/uploads\/2023\/10\/1000008409-683x1024.jpg\" alt=\"\" class=\"wp-image-317\" width=\"430\" height=\"644\" srcset=\"https:\/\/la-pommeraie.be\/wp-content\/uploads\/2023\/10\/1000008409-683x1024.jpg 683w, https:\/\/la-pommeraie.be\/wp-content\/uploads\/2023\/10\/1000008409-200x300.jpg 200w, https:\/\/la-pommeraie.be\/wp-content\/uploads\/2023\/10\/1000008409-768x1152.jpg 768w, https:\/\/la-pommeraie.be\/wp-content\/uploads\/2023\/10\/1000008409-1024x1536.jpg 1024w, https:\/\/la-pommeraie.be\/wp-content\/uploads\/2023\/10\/1000008409.jpg 1252w\" sizes=\"auto, (max-width: 430px) 100vw, 430px\" \/><\/figure>\n<\/div>","protected":false},"excerpt":{"rendered":"<p>Depuis plus de 60 ans, CAP 48 rassemble g\u00e9n\u00e9rosit\u00e9 et soutien au profit du handicap et de l\u2019insertion des personnes en difficult\u00e9 en Wallonie et \u00e0 Bruxelles.Tout a commenc\u00e9 par un appel aux auditeurs sur les ondes de la RTBF. La Pommeraie participe \u00e0 cette action depuis de nombreuses ann\u00e9es.Nous participons \u00e0 la vente annuelle&hellip; <a class=\"more-link\" href=\"https:\/\/la-pommeraie.be\/index.php\/2023\/10\/05\/cap-48\/\">Poursuivre la lecture <span class=\"screen-reader-text\">Cap 48<\/span><\/a><\/p>\n","protected":false},"author":3,"featured_media":0,"comment_status":"closed","ping_status":"closed","sticky":false,"template":"","format":"image","meta":{"footnotes":""},"categories":[1],"tags":[],"class_list":["post-311","post","type-post","status-publish","format-image","hentry","category-uncategorized","post_format-post-format-image","entry"],"_links":{"self":[{"href":"https:\/\/la-pommeraie.be\/index.php\/wp-json\/wp\/v2\/posts\/311","targetHints":{"allow":["GET"]}}],"collection":[{"href":"https:\/\/la-pommeraie.be\/index.php\/wp-json\/wp\/v2\/posts"}],"about":[{"href":"https:\/\/la-pommeraie.be\/index.php\/wp-json\/wp\/v2\/types\/post"}],"author":[{"embeddable":true,"href":"https:\/\/la-pommeraie.be\/index.php\/wp-json\/wp\/v2\/users\/3"}],"replies":[{"embeddable":true,"href":"https:\/\/la-pommeraie.be\/index.php\/wp-json\/wp\/v2\/comments?post=311"}],"version-history":[{"count":2,"href":"https:\/\/la-pommeraie.be\/index.php\/wp-json\/wp\/v2\/posts\/311\/revisions"}],"predecessor-version":[{"id":319,"href":"https:\/\/la-pommeraie.be\/index.php\/wp-json\/wp\/v2\/posts\/311\/revisions\/319"}],"wp:attachment":[{"href":"https:\/\/la-pommeraie.be\/index.php\/wp-json\/wp\/v2\/media?parent=311"}],"wp:term":[{"taxonomy":"category","embeddable":true,"href":"https:\/\/la-pommeraie.be\/index.php\/wp-json\/wp\/v2\/categories?post=311"},{"taxonomy":"post_tag","embeddable":true,"href":"https:\/\/la-pommeraie.be\/index.php\/wp-json\/wp\/v2\/tags?post=311"}],"curies":[{"name":"wp","href":"https:\/\/api.w.org\/{rel}","templated":true}]}}